{"id":7429,"date":"2020-03-01T19:23:30","date_gmt":"2020-03-01T18:23:30","guid":{"rendered":"http:\/\/naturistes-paris.fr\/?p=7429&#038;lang=en"},"modified":"2020-03-02T10:21:27","modified_gmt":"2020-03-02T09:21:27","slug":"nudesletter-march-2020","status":"publish","type":"post","link":"https:\/\/naturistes-paris.fr\/en\/2020\/03\/01\/nudesletter-march-2020\/","title":{"rendered":"Nudesletter &#8211; March 2020"},"content":{"rendered":"<p>Hello!<\/p>\n<p>In spite of the pool\u2019s closure for the winter water change, we had a very active month of February and our volunteers had very little sleep, with everything they\u2019re organising for you over the coming months.<\/p>\n<p><strong>Events in February:<\/strong><\/p>\n<p>We received a warm welcome at our nude visit of the 69<sup>th<\/sup> edition of the Jeune Cr\u00e9ation (Young Creation) exhibition on February 1<sup>st<\/sup>. My thanks go to the <a href=\"https:\/\/www.jeunecreation.org\/\" target=\"_blank\" rel=\"noopener\">Jeune Cr\u00e9ation<\/a> association for their welcome. Over the past five years, we have multiplied our urban activities. The turnout at these events, the mix and the age span highlight the demand for another way to practise naturism, in line with the city in which we live and in perfect harmony with a more classic form of naturism.<\/p>\n<p><a href=\"http:\/\/naturistes-paris.fr\/V2\/wp-content\/uploads\/sites\/2\/2020\/02\/123-NATEXPO-Copie.jpg\"><img loading=\"lazy\" decoding=\"async\" class=\"aligncenter size-large wp-image-7356\" src=\"http:\/\/naturistes-paris.fr\/V2\/wp-content\/uploads\/sites\/2\/2020\/02\/123-NATEXPO-Copie-1024x549.jpg\" alt=\"\" width=\"880\" height=\"472\" srcset=\"https:\/\/naturistes-paris.fr\/en\/wp-content\/uploads\/sites\/2\/2020\/02\/123-NATEXPO-Copie-1024x549.jpg 1024w, https:\/\/naturistes-paris.fr\/en\/wp-content\/uploads\/sites\/2\/2020\/02\/123-NATEXPO-Copie-300x161.jpg 300w, https:\/\/naturistes-paris.fr\/en\/wp-content\/uploads\/sites\/2\/2020\/02\/123-NATEXPO-Copie-768x411.jpg 768w\" sizes=\"(max-width: 880px) 100vw, 880px\" \/><\/a><\/p>\n<p>On February 3<sup>rd<\/sup> we added a spark to the session with a swimming competition at the pool. Congratulations to all the swimmers!<\/p>\n<p><a href=\"http:\/\/naturistes-paris.fr\/V2\/wp-content\/uploads\/sites\/2\/2019\/10\/2019-10-19-Gala-Paris-150.png\"><img loading=\"lazy\" decoding=\"async\" class=\"aligncenter size-large wp-image-6703\" src=\"http:\/\/naturistes-paris.fr\/V2\/wp-content\/uploads\/sites\/2\/2019\/10\/2019-10-19-Gala-Paris-150-1024x476.png\" alt=\"\" width=\"880\" height=\"409\" srcset=\"https:\/\/naturistes-paris.fr\/en\/wp-content\/uploads\/sites\/2\/2019\/10\/2019-10-19-Gala-Paris-150-1024x476.png 1024w, https:\/\/naturistes-paris.fr\/en\/wp-content\/uploads\/sites\/2\/2019\/10\/2019-10-19-Gala-Paris-150-300x139.png 300w, https:\/\/naturistes-paris.fr\/en\/wp-content\/uploads\/sites\/2\/2019\/10\/2019-10-19-Gala-Paris-150-768x357.png 768w\" sizes=\"(max-width: 880px) 100vw, 880px\" \/><\/a><\/p>\n<p>Vincent gave two singing classes in February, as well attended as ever and enjoyed by our members and visitors. A WhatsApp group has been created to better communicate the dates, often organised hastily during the month in progress due to Vincent\u2019s limited availability.<\/p>\n<p>On February 7<sup>th<\/sup>, 300 people attended the Beautiful Skin dance party, including a large number of ANP members.<\/p>\n<p>On Wednesday 26<sup>th<\/sup>, the comedian Fred Br\u00fbl\u00e9 hosted a theatrical improvisation class at the pool.<\/p>\n<p><strong>Upcoming events: <\/strong><\/p>\n<p>Several Parisians have already reserved their places for the water park evening in Ghent, organised by the <a href=\"https:\/\/fra.naturisme.be\/\" target=\"_blank\" rel=\"noopener\">Belgian Naturist Federation<\/a> on March 7<sup>th<\/sup>. We have organised carpooling between Paris and Ghent.<\/p>\n<p><a href=\"http:\/\/naturistes-paris.fr\/V2\/wp-content\/uploads\/sites\/2\/2020\/03\/2020-03-07-Lago-Covoiturage.jpg\"><img loading=\"lazy\" decoding=\"async\" class=\"aligncenter size-large wp-image-7438\" src=\"http:\/\/naturistes-paris.fr\/V2\/wp-content\/uploads\/sites\/2\/2020\/03\/2020-03-07-Lago-Covoiturage-580x1024.jpg\" alt=\"\" width=\"580\" height=\"1024\" srcset=\"https:\/\/naturistes-paris.fr\/en\/wp-content\/uploads\/sites\/2\/2020\/03\/2020-03-07-Lago-Covoiturage-580x1024.jpg 580w, https:\/\/naturistes-paris.fr\/en\/wp-content\/uploads\/sites\/2\/2020\/03\/2020-03-07-Lago-Covoiturage-170x300.jpg 170w, https:\/\/naturistes-paris.fr\/en\/wp-content\/uploads\/sites\/2\/2020\/03\/2020-03-07-Lago-Covoiturage-768x1357.jpg 768w\" sizes=\"(max-width: 580px) 100vw, 580px\" \/><\/a><\/p>\n<p>On March 21<sup>st<\/sup>, a group of swimmers are heading to Valence for the southern regional naturist swimming competition, which will double as the qualifications for October\u2019s International Swimming Gala. If you\u2019d like to participate, please contact us this week.<\/p>\n<p><a href=\"http:\/\/naturistes-paris.fr\/V2\/wp-content\/uploads\/sites\/2\/2020\/01\/2020-03-21-Valence.jpg\"><img loading=\"lazy\" decoding=\"async\" class=\"aligncenter size-large wp-image-7093\" src=\"http:\/\/naturistes-paris.fr\/V2\/wp-content\/uploads\/sites\/2\/2020\/01\/2020-03-21-Valence-582x1024.jpg\" alt=\"\" width=\"582\" height=\"1024\" srcset=\"https:\/\/naturistes-paris.fr\/en\/wp-content\/uploads\/sites\/2\/2020\/01\/2020-03-21-Valence-582x1024.jpg 582w, https:\/\/naturistes-paris.fr\/en\/wp-content\/uploads\/sites\/2\/2020\/01\/2020-03-21-Valence-170x300.jpg 170w, https:\/\/naturistes-paris.fr\/en\/wp-content\/uploads\/sites\/2\/2020\/01\/2020-03-21-Valence-768x1352.jpg 768w\" sizes=\"(max-width: 582px) 100vw, 582px\" \/><\/a><\/p>\n<p>The next <a href=\"https:\/\/www.facebook.com\/events\/129689965042422\/\" target=\"_blank\" rel=\"noopener\">Beautiful Skin<\/a> dance party will be held on Friday March 27<sup>th<\/sup>. Following the success of the event in February, I hope you will be back on the dance floor again this time.<\/p>\n<p><a href=\"http:\/\/naturistes-paris.fr\/V2\/wp-content\/uploads\/sites\/2\/2020\/02\/2020-03-27-Beautiful-Skin.jpg\"><img loading=\"lazy\" decoding=\"async\" class=\"aligncenter size-full wp-image-7409\" src=\"http:\/\/naturistes-paris.fr\/V2\/wp-content\/uploads\/sites\/2\/2020\/02\/2020-03-27-Beautiful-Skin.jpg\" alt=\"\" width=\"960\" height=\"540\" srcset=\"https:\/\/naturistes-paris.fr\/en\/wp-content\/uploads\/sites\/2\/2020\/02\/2020-03-27-Beautiful-Skin.jpg 960w, https:\/\/naturistes-paris.fr\/en\/wp-content\/uploads\/sites\/2\/2020\/02\/2020-03-27-Beautiful-Skin-300x169.jpg 300w, https:\/\/naturistes-paris.fr\/en\/wp-content\/uploads\/sites\/2\/2020\/02\/2020-03-27-Beautiful-Skin-768x432.jpg 768w, https:\/\/naturistes-paris.fr\/en\/wp-content\/uploads\/sites\/2\/2020\/02\/2020-03-27-Beautiful-Skin-720x405.jpg 720w\" sizes=\"(max-width: 960px) 100vw, 960px\" \/><\/a><\/p>\n<p>On Saturday March 28<sup>th<\/sup>, the <a href=\"http:\/\/www.csorleans-lesbogues.org\/\">Association Joie et Sant\u00e9<\/a> invites you to their evening at the Baln\u00e9ades of Orleans. Twice a year, they welcome naturists from all over France for this event of well-being and conviviality.<\/p>\n<p><a href=\"http:\/\/naturistes-paris.fr\/V2\/wp-content\/uploads\/sites\/2\/2020\/02\/2020-03-28-Baln\u00e9ades.jpeg\"><img loading=\"lazy\" decoding=\"async\" class=\"aligncenter size-large wp-image-7397\" src=\"http:\/\/naturistes-paris.fr\/V2\/wp-content\/uploads\/sites\/2\/2020\/02\/2020-03-28-Baln\u00e9ades-743x1024.jpeg\" alt=\"\" width=\"743\" height=\"1024\" srcset=\"https:\/\/naturistes-paris.fr\/en\/wp-content\/uploads\/sites\/2\/2020\/02\/2020-03-28-Baln\u00e9ades-743x1024.jpeg 743w, https:\/\/naturistes-paris.fr\/en\/wp-content\/uploads\/sites\/2\/2020\/02\/2020-03-28-Baln\u00e9ades-218x300.jpeg 218w, https:\/\/naturistes-paris.fr\/en\/wp-content\/uploads\/sites\/2\/2020\/02\/2020-03-28-Baln\u00e9ades-768x1059.jpeg 768w, https:\/\/naturistes-paris.fr\/en\/wp-content\/uploads\/sites\/2\/2020\/02\/2020-03-28-Baln\u00e9ades.jpeg 1323w\" sizes=\"(max-width: 743px) 100vw, 743px\" \/><\/a><\/p>\n<p>After the huge success of the naturist play Nu et Approuv\u00e9 in 2019, a new improved version will be staged on Sunday April 19<sup>th<\/sup> at the Palais des Glaces in Paris. Follow <a href=\"https:\/\/www.palaisdesglaces.com\/nu-et-approuve\/spectacle\/345\" target=\"_blank\" rel=\"noopener\">this link<\/a> to reserve your seats.<\/p>\n<p><a href=\"http:\/\/naturistes-paris.fr\/V2\/wp-content\/uploads\/sites\/2\/2020\/02\/2020-04-19-Nu-et-Approuv\u00e9.jpg\"><img loading=\"lazy\" decoding=\"async\" class=\"aligncenter size-large wp-image-7410\" src=\"http:\/\/naturistes-paris.fr\/V2\/wp-content\/uploads\/sites\/2\/2020\/02\/2020-04-19-Nu-et-Approuv\u00e9-682x1024.jpg\" alt=\"\" width=\"682\" height=\"1024\" srcset=\"https:\/\/naturistes-paris.fr\/en\/wp-content\/uploads\/sites\/2\/2020\/02\/2020-04-19-Nu-et-Approuv\u00e9-682x1024.jpg 682w, https:\/\/naturistes-paris.fr\/en\/wp-content\/uploads\/sites\/2\/2020\/02\/2020-04-19-Nu-et-Approuv\u00e9-200x300.jpg 200w, https:\/\/naturistes-paris.fr\/en\/wp-content\/uploads\/sites\/2\/2020\/02\/2020-04-19-Nu-et-Approuv\u00e9-768x1153.jpg 768w, https:\/\/naturistes-paris.fr\/en\/wp-content\/uploads\/sites\/2\/2020\/02\/2020-04-19-Nu-et-Approuv\u00e9.jpg 1066w\" sizes=\"(max-width: 682px) 100vw, 682px\" \/><\/a><\/p>\n<p>On Sunday June 14<sup>th<\/sup>, we\u2019re organising the first \u00cele de France regional M\u00f6lkky championships at the <a href=\"http:\/\/www.cgf-nat.com\/\" target=\"_blank\" rel=\"noopener\">Club Gymnique de France<\/a>. Save the date!<\/p>\n<p><a href=\"http:\/\/naturistes-paris.fr\/V2\/wp-content\/uploads\/sites\/2\/2018\/08\/2018-08-04-Hesp\u00e9rides-3.jpeg\"><img loading=\"lazy\" decoding=\"async\" class=\"aligncenter size-large wp-image-5084\" src=\"http:\/\/naturistes-paris.fr\/V2\/wp-content\/uploads\/sites\/2\/2018\/08\/2018-08-04-Hesp\u00e9rides-3-1024x576.jpeg\" alt=\"\" width=\"880\" height=\"495\" srcset=\"https:\/\/naturistes-paris.fr\/en\/wp-content\/uploads\/sites\/2\/2018\/08\/2018-08-04-Hesp\u00e9rides-3-1024x576.jpeg 1024w, https:\/\/naturistes-paris.fr\/en\/wp-content\/uploads\/sites\/2\/2018\/08\/2018-08-04-Hesp\u00e9rides-3-300x169.jpeg 300w, https:\/\/naturistes-paris.fr\/en\/wp-content\/uploads\/sites\/2\/2018\/08\/2018-08-04-Hesp\u00e9rides-3-768x432.jpeg 768w, https:\/\/naturistes-paris.fr\/en\/wp-content\/uploads\/sites\/2\/2018\/08\/2018-08-04-Hesp\u00e9rides-3-720x405.jpeg 720w, https:\/\/naturistes-paris.fr\/en\/wp-content\/uploads\/sites\/2\/2018\/08\/2018-08-04-Hesp\u00e9rides-3.jpeg 1440w\" sizes=\"(max-width: 880px) 100vw, 880px\" \/><\/a><\/p>\n<p>Over the weekend of June 20<sup>th<\/sup> and 21<sup>st<\/sup>, the <a href=\"http:\/\/www.cgf-nat.com\/\" target=\"_blank\" rel=\"noopener\">Club Gymnique de France<\/a> is inviting the entire world to their 90<sup>th<\/sup> birthday celebrations. It\u2019s the oldest naturist club in our region, today run by Beno\u00eet, a former ANP member.<\/p>\n<p>NATURIST FESTIVAL &#8211; JULY 2020: <a href=\"https:\/\/www.helloasso.com\/associations\/federation-francaise-de-naturisme\/evenements\/festival-naturist-por-nova-mondo\" target=\"_blank\" rel=\"noopener\">Reserve your weekend<\/a> of July 18<sup>th<\/sup> and 19<sup>th<\/sup>! The <a href=\"https:\/\/ffn-naturisme.com\/\" target=\"_blank\" rel=\"noopener\">French Federation of Naturism<\/a> is organising a naturist festival in a castle surrounded by parkland in the Maine et Loire department. Activities: theatre, music, a nude run, body painting and more. Lodging: camping on the grounds or possibility of accommodation on site. Don\u2019t miss this huge event! More information to follow.<\/p>\n<p><a href=\"http:\/\/naturistes-paris.fr\/V2\/wp-content\/uploads\/sites\/2\/2020\/02\/2020-07-18-Festival.jpg\"><img loading=\"lazy\" decoding=\"async\" class=\"aligncenter size-full wp-image-7416\" src=\"http:\/\/naturistes-paris.fr\/V2\/wp-content\/uploads\/sites\/2\/2020\/02\/2020-07-18-Festival.jpg\" alt=\"\" width=\"678\" height=\"960\" srcset=\"https:\/\/naturistes-paris.fr\/en\/wp-content\/uploads\/sites\/2\/2020\/02\/2020-07-18-Festival.jpg 678w, https:\/\/naturistes-paris.fr\/en\/wp-content\/uploads\/sites\/2\/2020\/02\/2020-07-18-Festival-212x300.jpg 212w\" sizes=\"(max-width: 678px) 100vw, 678px\" \/><\/a><\/p>\n<p>For more information on our outings, please take a look at the <a href=\"http:\/\/naturistes-paris.fr\/activities\/external-events-and-gatherings\/?lang=en\" target=\"_blank\" rel=\"noopener\">events page<\/a> on our website or send us an email or an SMS on +33 7 66 14 53 09.<\/p>\n<p><strong>Gym classes: <\/strong>We welcome a new member of our team of professional trainers: since February 24<sup>th<\/sup>, Claire gives classes in the gym every Monday. Yvan is now present on Tuesdays, Wednesdays and Thursdays. Between our two coaches, we\u2019ll soon have 400 members with rock hard abdominal muscles!<\/p>\n<p><strong>\u00a0<a href=\"http:\/\/naturistes-paris.fr\/V2\/wp-content\/uploads\/sites\/2\/2019\/12\/2019-12-30-Gym-40a.jpg\"><img loading=\"lazy\" decoding=\"async\" class=\"aligncenter size-large wp-image-7025\" src=\"http:\/\/naturistes-paris.fr\/V2\/wp-content\/uploads\/sites\/2\/2019\/12\/2019-12-30-Gym-40a-1024x643.jpg\" alt=\"\" width=\"880\" height=\"553\" srcset=\"https:\/\/naturistes-paris.fr\/en\/wp-content\/uploads\/sites\/2\/2019\/12\/2019-12-30-Gym-40a-1024x643.jpg 1024w, https:\/\/naturistes-paris.fr\/en\/wp-content\/uploads\/sites\/2\/2019\/12\/2019-12-30-Gym-40a-300x188.jpg 300w, https:\/\/naturistes-paris.fr\/en\/wp-content\/uploads\/sites\/2\/2019\/12\/2019-12-30-Gym-40a-768x482.jpg 768w\" sizes=\"(max-width: 880px) 100vw, 880px\" \/><\/a><\/strong><\/p>\n<p><strong>March drinks: <\/strong>The theme for our drinks on Friday March 6<sup>th<\/sup> is the colour green. The possibilities are much greater than you may think and I\u2019m anxious to see what you\u2019re all going to bring!<\/p>\n<p><a href=\"http:\/\/naturistes-paris.fr\/V2\/wp-content\/uploads\/sites\/2\/2020\/02\/2020-03-06-Pot-vert.jpg\"><img loading=\"lazy\" decoding=\"async\" class=\"aligncenter size-large wp-image-7394\" src=\"http:\/\/naturistes-paris.fr\/V2\/wp-content\/uploads\/sites\/2\/2020\/02\/2020-03-06-Pot-vert-580x1024.jpg\" alt=\"\" width=\"580\" height=\"1024\" srcset=\"https:\/\/naturistes-paris.fr\/en\/wp-content\/uploads\/sites\/2\/2020\/02\/2020-03-06-Pot-vert-580x1024.jpg 580w, https:\/\/naturistes-paris.fr\/en\/wp-content\/uploads\/sites\/2\/2020\/02\/2020-03-06-Pot-vert-170x300.jpg 170w, https:\/\/naturistes-paris.fr\/en\/wp-content\/uploads\/sites\/2\/2020\/02\/2020-03-06-Pot-vert-768x1357.jpg 768w\" sizes=\"(max-width: 580px) 100vw, 580px\" \/><\/a><\/p>\n<p><strong>Holiday at Origan Village: <\/strong>This beautiful naturist resort in the south of France has proposed a deal to our members for a week of holidays from July 25<sup>th<\/sup> till August 1<sup>st<\/sup> 2020, with a discount of 17% on accommodation and a personalised welcome. Such an offer in high season is unheard of! To enjoy this exceptional offer, or for more information, contact us by email or SMS. If you haven\u2019t yet visited <a href=\"https:\/\/www.origan-village.com\/en\/\" target=\"_blank\" rel=\"noopener\">Origan Village<\/a>, this is your opportunity to discover it with your friends from the ANP!<\/p>\n<p><a href=\"http:\/\/naturistes-paris.fr\/V2\/wp-content\/uploads\/sites\/2\/2020\/03\/2020-07-25-Origan.jpg\"><img loading=\"lazy\" decoding=\"async\" class=\"aligncenter size-large wp-image-7426\" src=\"http:\/\/naturistes-paris.fr\/V2\/wp-content\/uploads\/sites\/2\/2020\/03\/2020-07-25-Origan-580x1024.jpg\" alt=\"\" width=\"580\" height=\"1024\" srcset=\"https:\/\/naturistes-paris.fr\/en\/wp-content\/uploads\/sites\/2\/2020\/03\/2020-07-25-Origan-580x1024.jpg 580w, https:\/\/naturistes-paris.fr\/en\/wp-content\/uploads\/sites\/2\/2020\/03\/2020-07-25-Origan-170x300.jpg 170w, https:\/\/naturistes-paris.fr\/en\/wp-content\/uploads\/sites\/2\/2020\/03\/2020-07-25-Origan-768x1357.jpg 768w\" sizes=\"(max-width: 580px) 100vw, 580px\" \/><\/a><\/p>\n<p><strong>Trial:<\/strong> Last year, a German naturist holidaying in France with his family was arrested for sexual exhibition because he was simply soaking up the sun. This affair has shown yet again the need to revise <a href=\"https:\/\/www.legifrance.gouv.fr\/affichCodeArticle.do?idArticle=LEGIARTI000021796944&amp;cidTexte=LEGITEXT000006070719&amp;dateTexte=20100210\" target=\"_blank\" rel=\"noopener\">article 222-32<\/a> of the Penal Code. The FFN has launched a call for donations to support Peter Misch with his upcoming trial. We ask you to show that this article in its current form has no place in our Penal Code today. You can make a difference by signing <a href=\"https:\/\/secure.avaaz.org\/fr\/community_petitions\/madame_le_garde_des_sceaux_ministre_de_la_justice_petition_5e20cf3729212\/?tQRDrpb\" target=\"_blank\" rel=\"noopener\">the petition<\/a> and by <a href=\"https:\/\/helloasso.com\/associations\/federationfrancaise-de-naturisme\/collectes\/la-nudite-c-est-laliberte-ne-laissons-personne-nous-reprendre-cedroit\" target=\"_blank\" rel=\"noopener\">donating<\/a>. Please read the related article in the INF\u2019s February edition of their <a href=\"http:\/\/naturistes-paris.fr\/V2\/wp-content\/uploads\/sites\/2\/2020\/02\/2020-02-10-INF-FNI-FOCUS-FEVRIER.pdf\">Focus Magazine<\/a>\u00a0to find out more.<\/p>\n<p><strong>70<sup>th<\/sup> Birthday of the FFN: <\/strong>On Friday February 14<sup>th<\/sup>, we celebrated the <a href=\"https:\/\/ffn-naturisme.com\/\" target=\"_blank\" rel=\"noopener\">French Federation of Naturism<\/a>\u2019s 70<sup>th<\/sup> birthday in the presence of P\u00e9n\u00e9lope Komit\u00e8s (deputy of the Mayor of Paris), Sieglinde Ivo (President of the <a href=\"https:\/\/www.inf-fni.org\/eng\" target=\"_blank\" rel=\"noopener\">International Naturist Federation<\/a>, who had come especially from Austria), Jean Peters (Vice-President of the INF, who came from Luxembourg) and the board of the FFN. Under the direction of the very energetic Viviane Tiar, the FFN is younger, more dynamic and more active than ever. Thanks to the increase in licences sold, the federation is able to achieve good work for all naturists.<\/p>\n<p><strong>EuNat 2020:<\/strong> On February 22<sup>nd<\/sup>, Viviane and I attended the annual European Naturist Commission meeting. In spite of differences in culture and mentality, the 15 federations present worked together to create a better naturist world for us all. I was especially happy with the strengthening of ties between France and Germany. The INF is organising several events this year and I will post them on the page of other clubs\u2019 activities on our website. Please note that this year\u2019s International Swimming Gala will be held in Turin, organised by the Naturist Federation of Liechtenstein.<\/p>\n<p><a href=\"http:\/\/naturistes-paris.fr\/V2\/wp-content\/uploads\/sites\/2\/2020\/03\/2020-02-22c.jpg\"><img loading=\"lazy\" decoding=\"async\" class=\"size-large wp-image-7430\" src=\"http:\/\/naturistes-paris.fr\/V2\/wp-content\/uploads\/sites\/2\/2020\/03\/2020-02-22c-1024x768.jpg\" alt=\"\" width=\"880\" height=\"660\" srcset=\"https:\/\/naturistes-paris.fr\/en\/wp-content\/uploads\/sites\/2\/2020\/03\/2020-02-22c-1024x768.jpg 1024w, https:\/\/naturistes-paris.fr\/en\/wp-content\/uploads\/sites\/2\/2020\/03\/2020-02-22c-300x225.jpg 300w, https:\/\/naturistes-paris.fr\/en\/wp-content\/uploads\/sites\/2\/2020\/03\/2020-02-22c-768x576.jpg 768w\" sizes=\"(max-width: 880px) 100vw, 880px\" \/><\/a><\/p>\n<p><strong>Share accommodation search: <\/strong>A member is looking for a room to rent in Paris. A true naturist, he hopes to find a naturist flatmate. If you happen to have a room to rent, please contact me.<\/p>\n<p><strong>Coronavirus: <\/strong>Everyone is talking about it at the moment. I absolutely do not want to jump on the panic bandwagon but I nevertheless encourage you to read these documents (<a href=\"http:\/\/naturistes-paris.fr\/V2\/wp-content\/uploads\/sites\/2\/2020\/02\/2020-02-27-Affiche-Prevention-Virus-Hiver-V2.pdf\" target=\"_blank\" rel=\"noopener\">Affiche Prevention Virus Hiver<\/a> and <a href=\"http:\/\/naturistes-paris.fr\/V2\/wp-content\/uploads\/sites\/2\/2020\/02\/2020-02-27-Affichette-Coronavirus-sportifs-V3.pdf\" target=\"_blank\" rel=\"noopener\">Affichette Coronavirus sportifs<\/a>) sent by the City of Paris (OK, they\u2019re in French). You should practise a sensible level of hygiene: wash your hands frequently, cough and sneeze into your elbow, throw your tissues away as soon as you have used them. Protect yourselves the way you would against any cold or flu but keep living your lives and have fun!<\/p>\n<p>Naturistly,<br \/>\n <em>Laurent<\/em><\/p>\n<p>&nbsp;<\/p>\n","protected":false},"excerpt":{"rendered":"<p>Hello! In spite of the pool\u2019s closure for the winter water change, we had a very active month of February and our volunteers had very little sleep, with everything they\u2019re organising for you over the coming months. Events in February: We received a warm welcome at our nude visit of the 69th edition of the&hellip; <span class=\"kuorinka-read-more\"><a href=\"https:\/\/naturistes-paris.fr\/en\/2020\/03\/01\/nudesletter-march-2020\/\" class=\"more-link\">Read more <span class=\"screen-reader-text\">Nudesletter &#8211; March 2020<\/span><\/a><\/span><\/p>\n","protected":false},"author":1,"featured_media":0,"comment_status":"closed","ping_status":"open","sticky":false,"template":"","format":"standard","meta":{"footnotes":""},"categories":[],"tags":[],"_links":{"self":[{"href":"https:\/\/naturistes-paris.fr\/en\/wp-json\/wp\/v2\/posts\/7429"}],"collection":[{"href":"https:\/\/naturistes-paris.fr\/en\/wp-json\/wp\/v2\/posts"}],"about":[{"href":"https:\/\/naturistes-paris.fr\/en\/wp-json\/wp\/v2\/types\/post"}],"author":[{"embeddable":true,"href":"https:\/\/naturistes-paris.fr\/en\/wp-json\/wp\/v2\/users\/1"}],"replies":[{"embeddable":true,"href":"https:\/\/naturistes-paris.fr\/en\/wp-json\/wp\/v2\/comments?post=7429"}],"version-history":[{"count":6,"href":"https:\/\/naturistes-paris.fr\/en\/wp-json\/wp\/v2\/posts\/7429\/revisions"}],"predecessor-version":[{"id":7442,"href":"https:\/\/naturistes-paris.fr\/en\/wp-json\/wp\/v2\/posts\/7429\/revisions\/7442"}],"wp:attachment":[{"href":"https:\/\/naturistes-paris.fr\/en\/wp-json\/wp\/v2\/media?parent=7429"}],"wp:term":[{"taxonomy":"category","embeddable":true,"href":"https:\/\/naturistes-paris.fr\/en\/wp-json\/wp\/v2\/categories?post=7429"},{"taxonomy":"post_tag","embeddable":true,"href":"https:\/\/naturistes-paris.fr\/en\/wp-json\/wp\/v2\/tags?post=7429"}],"curies":[{"name":"wp","href":"https:\/\/api.w.org\/{rel}","templated":true}]}}